{"id":59128,"date":"2023-09-20T17:02:22","date_gmt":"2023-09-20T17:02:22","guid":{"rendered":"https:\/\/test.luciomalan.it\/index.php\/2023\/09\/20\/fdi-presenta-litalia-vincente-un-anno-di-risultati-iniziative-in-tutta-italia\/"},"modified":"2023-09-20T17:02:22","modified_gmt":"2023-09-20T17:02:22","slug":"fdi-presenta-litalia-vincente-un-anno-di-risultati-iniziative-in-tutta-italia","status":"publish","type":"post","link":"https:\/\/test.luciomalan.it\/index.php\/2023\/09\/20\/fdi-presenta-litalia-vincente-un-anno-di-risultati-iniziative-in-tutta-italia\/","title":{"rendered":"FDI PRESENTA &#8220;L&#8217;ITALIA VINCENTE. UN ANNO DI RISULTATI&#8221;, INIZIATIVE IN TUTTA ITALIA"},"content":{"rendered":"<p style=\"text-align: justify;\">\u201c\u00c8 stato un anno ricco di attivit\u00e0 fatta a livello parlamentare in stretta sinergia con le attivit\u00e0 del governo. C&#8217;\u00e8 soddisfazione per il grande numero di provvedimenti approvati a volte anche anticipando i tempi, ma la soddisfazione maggiore non \u00e8 tanto nei numeri quanto nei risultati che vediamo in Italia, risultati concreti.<\/p>\n<p style=\"text-align: justify;\">Da quando il governo \u00e8 in carica la borsa \u00e8 salita del 38% e lo spread oggi \u00e8 di circa 60 punti inferiore di quanto lo era prima. Questo \u00e8 indice della fiducia che i mercati ci danno.<\/p>\n<p style=\"text-align: justify;\">Sulle migrazioni abbiamo ottenuto risultati molto importanti: la soluzione promossa dal presidente Meloni ha ricevuto il plauso di Von der Leyen e Steinmeier, segno che la nostra visione ha riscontri oggettivi e non ci rende isolati come diceva qualcuno. Le misure pi\u00f9 urgenti sono lotta ai trafficanti e difesa del diritto a non emigrare; di contro, il disegno di legge promosso da Magi e Schlein abolisce i flussi, mentre noi vogliamo andare in un&#8217;altra direzione. Oggi stesso abbiamo approvato l&#8217;inserimento dello sport in Costituzione senza passare dai tempi referendari. Le riforme per l&#8217;autonomia differenziata e per il premierato stanno andando avanti, mentre a fronte di una crescita del Pil dello 0.9 abbiamo avuto un aumento di 395mila posti di lavoro in un anno: abbiamo messo grande attenzione su redditi bassi e produzione di occupazione da parte delle imprese. \u201c<\/p>\n<p>\u00a0<\/p>\n\n\n<figure class=\"wp-block-gallery has-nested-images columns-default is-cropped wp-block-gallery-1 is-layout-flex wp-block-gallery-is-layout-flex\">\n<figure data-wp-context=\"{&quot;imageId&quot;:&quot;69ec9420c234f&quot;}\" data-wp-interactive=\"core\/image\" class=\"wp-block-image size-large wp-lightbox-container\"><img decoding=\"async\" data-wp-class--hide=\"state.isContentHidden\" data-wp-class--show=\"state.isContentVisible\" data-wp-init=\"callbacks.setButtonStyles\" data-wp-on-async--click=\"actions.showLightbox\" data-wp-on-async--load=\"callbacks.setButtonStyles\" data-wp-on-async-window--resize=\"callbacks.setButtonStyles\" data-id=\"46916\" src=\"https:\/\/test.luciomalan.it\/wp-content\/uploads\/2023\/11\/WhatsApp-Image-2023-09-20-at-17.32.01.jpeg\" alt=\"Senatori alla ressegna stampa in occasione del primo anno del governo Meloni\" class=\"wp-image-46916\"\/><button\n\t\t\tclass=\"lightbox-trigger\"\n\t\t\ttype=\"button\"\n\t\t\taria-haspopup=\"dialog\"\n\t\t\taria-label=\"Ingrandisci\"\n\t\t\tdata-wp-init=\"callbacks.initTriggerButton\"\n\t\t\tdata-wp-on-async--click=\"actions.showLightbox\"\n\t\t\tdata-wp-style--right=\"state.imageButtonRight\"\n\t\t\tdata-wp-style--top=\"state.imageButtonTop\"\n\t\t>\n\t\t\t<svg xmlns=\"http:\/\/www.w3.org\/2000\/svg\" width=\"12\" height=\"12\" fill=\"none\" viewBox=\"0 0 12 12\">\n\t\t\t\t<path fill=\"#fff\" d=\"M2 0a2 2 0 0 0-2 2v2h1.5V2a.5.5 0 0 1 .5-.5h2V0H2Zm2 10.5H2a.5.5 0 0 1-.5-.5V8H0v2a2 2 0 0 0 2 2h2v-1.5ZM8 12v-1.5h2a.5.5 0 0 0 .5-.5V8H12v2a2 2 0 0 1-2 2H8Zm2-12a2 2 0 0 1 2 2v2h-1.5V2a.5.5 0 0 0-.5-.5H8V0h2Z\" \/>\n\t\t\t<\/svg>\n\t\t<\/button><\/figure>\n\n\n\n<figure data-wp-context=\"{&quot;imageId&quot;:&quot;69ec9420c28dc&quot;}\" data-wp-interactive=\"core\/image\" class=\"wp-block-image size-large wp-lightbox-container\"><img decoding=\"async\" data-wp-class--hide=\"state.isContentHidden\" data-wp-class--show=\"state.isContentVisible\" data-wp-init=\"callbacks.setButtonStyles\" data-wp-on-async--click=\"actions.showLightbox\" data-wp-on-async--load=\"callbacks.setButtonStyles\" data-wp-on-async-window--resize=\"callbacks.setButtonStyles\" data-id=\"46917\" src=\"https:\/\/test.luciomalan.it\/wp-content\/uploads\/2023\/11\/WhatsApp-Image-2023-09-20-at-17.32.45.jpeg\" alt=\"Senatori seduti alla ressegna stampa in occasione del primo anno del governo Meloni\" class=\"wp-image-46917\"\/><button\n\t\t\tclass=\"lightbox-trigger\"\n\t\t\ttype=\"button\"\n\t\t\taria-haspopup=\"dialog\"\n\t\t\taria-label=\"Ingrandisci\"\n\t\t\tdata-wp-init=\"callbacks.initTriggerButton\"\n\t\t\tdata-wp-on-async--click=\"actions.showLightbox\"\n\t\t\tdata-wp-style--right=\"state.imageButtonRight\"\n\t\t\tdata-wp-style--top=\"state.imageButtonTop\"\n\t\t>\n\t\t\t<svg xmlns=\"http:\/\/www.w3.org\/2000\/svg\" width=\"12\" height=\"12\" fill=\"none\" viewBox=\"0 0 12 12\">\n\t\t\t\t<path fill=\"#fff\" d=\"M2 0a2 2 0 0 0-2 2v2h1.5V2a.5.5 0 0 1 .5-.5h2V0H2Zm2 10.5H2a.5.5 0 0 1-.5-.5V8H0v2a2 2 0 0 0 2 2h2v-1.5ZM8 12v-1.5h2a.5.5 0 0 0 .5-.5V8H12v2a2 2 0 0 1-2 2H8Zm2-12a2 2 0 0 1 2 2v2h-1.5V2a.5.5 0 0 0-.5-.5H8V0h2Z\" \/>\n\t\t\t<\/svg>\n\t\t<\/button><\/figure>\n\n\n\n<figure data-wp-context=\"{&quot;imageId&quot;:&quot;69ec9420c2d35&quot;}\" data-wp-interactive=\"core\/image\" class=\"wp-block-image size-large wp-lightbox-container\"><img decoding=\"async\" data-wp-class--hide=\"state.isContentHidden\" data-wp-class--show=\"state.isContentVisible\" data-wp-init=\"callbacks.setButtonStyles\" data-wp-on-async--click=\"actions.showLightbox\" data-wp-on-async--load=\"callbacks.setButtonStyles\" data-wp-on-async-window--resize=\"callbacks.setButtonStyles\" data-id=\"46918\" src=\"https:\/\/test.luciomalan.it\/wp-content\/uploads\/2023\/11\/WhatsApp-Image-2023-09-20-at-17.32.23.jpeg\" alt=\"Senatori seduti alla ressegna stampa in occasione del primo anno del governo Meloni\" class=\"wp-image-46918\"\/><button\n\t\t\tclass=\"lightbox-trigger\"\n\t\t\ttype=\"button\"\n\t\t\taria-haspopup=\"dialog\"\n\t\t\taria-label=\"Ingrandisci\"\n\t\t\tdata-wp-init=\"callbacks.initTriggerButton\"\n\t\t\tdata-wp-on-async--click=\"actions.showLightbox\"\n\t\t\tdata-wp-style--right=\"state.imageButtonRight\"\n\t\t\tdata-wp-style--top=\"state.imageButtonTop\"\n\t\t>\n\t\t\t<svg xmlns=\"http:\/\/www.w3.org\/2000\/svg\" width=\"12\" height=\"12\" fill=\"none\" viewBox=\"0 0 12 12\">\n\t\t\t\t<path fill=\"#fff\" d=\"M2 0a2 2 0 0 0-2 2v2h1.5V2a.5.5 0 0 1 .5-.5h2V0H2Zm2 10.5H2a.5.5 0 0 1-.5-.5V8H0v2a2 2 0 0 0 2 2h2v-1.5ZM8 12v-1.5h2a.5.5 0 0 0 .5-.5V8H12v2a2 2 0 0 1-2 2H8Zm2-12a2 2 0 0 1 2 2v2h-1.5V2a.5.5 0 0 0-.5-.5H8V0h2Z\" \/>\n\t\t\t<\/svg>\n\t\t<\/button><\/figure>\n\n\n\n<figure data-wp-context=\"{&quot;imageId&quot;:&quot;69ec9420c3169&quot;}\" data-wp-interactive=\"core\/image\" class=\"wp-block-image size-large wp-lightbox-container\"><img decoding=\"async\" data-wp-class--hide=\"state.isContentHidden\" data-wp-class--show=\"state.isContentVisible\" data-wp-init=\"callbacks.setButtonStyles\" data-wp-on-async--click=\"actions.showLightbox\" data-wp-on-async--load=\"callbacks.setButtonStyles\" data-wp-on-async-window--resize=\"callbacks.setButtonStyles\" data-id=\"46919\" src=\"https:\/\/test.luciomalan.it\/wp-content\/uploads\/2023\/11\/IMG_9975-scaled-1.jpg\" alt=\"Senatori alla ressegna stampa in occasione del primo anno del governo Meloni. Al centro della foto \u00e8 presente il seantore Lucio Malan - Presidente del gruppo Fratelli d'Italia al Senato\" class=\"wp-image-46919\"\/><button\n\t\t\tclass=\"lightbox-trigger\"\n\t\t\ttype=\"button\"\n\t\t\taria-haspopup=\"dialog\"\n\t\t\taria-label=\"Ingrandisci\"\n\t\t\tdata-wp-init=\"callbacks.initTriggerButton\"\n\t\t\tdata-wp-on-async--click=\"actions.showLightbox\"\n\t\t\tdata-wp-style--right=\"state.imageButtonRight\"\n\t\t\tdata-wp-style--top=\"state.imageButtonTop\"\n\t\t>\n\t\t\t<svg xmlns=\"http:\/\/www.w3.org\/2000\/svg\" width=\"12\" height=\"12\" fill=\"none\" viewBox=\"0 0 12 12\">\n\t\t\t\t<path fill=\"#fff\" d=\"M2 0a2 2 0 0 0-2 2v2h1.5V2a.5.5 0 0 1 .5-.5h2V0H2Zm2 10.5H2a.5.5 0 0 1-.5-.5V8H0v2a2 2 0 0 0 2 2h2v-1.5ZM8 12v-1.5h2a.5.5 0 0 0 .5-.5V8H12v2a2 2 0 0 1-2 2H8Zm2-12a2 2 0 0 1 2 2v2h-1.5V2a.5.5 0 0 0-.5-.5H8V0h2Z\" \/>\n\t\t\t<\/svg>\n\t\t<\/button><\/figure>\n<\/figure>\n","protected":false},"excerpt":{"rendered":"<p>\u201c\u00c8 stato un anno ricco di attivit\u00e0 fatta a livello parlamentare in stretta sinergia con le attivit\u00e0 del governo. C&#8217;\u00e8 [&hellip;]<\/p>\n","protected":false},"author":1,"featured_media":59129,"comment_status":"closed","ping_status":"closed","sticky":false,"template":"","format":"standard","meta":{"site-sidebar-layout":"default","site-content-layout":"","ast-site-content-layout":"default","site-content-style":"default","site-sidebar-style":"default","ast-global-header-display":"","ast-banner-title-visibility":"","ast-main-header-display":"","ast-hfb-above-header-display":"","ast-hfb-below-header-display":"","ast-hfb-mobile-header-display":"","site-post-title":"","ast-breadcrumbs-content":"","ast-featured-img":"","footer-sml-layout":"","ast-disable-related-posts":"","theme-transparent-header-meta":"","adv-header-id-meta":"","stick-header-meta":"","header-above-stick-meta":"","header-main-stick-meta":"","header-below-stick-meta":"","astra-migrate-meta-layouts":"default","ast-page-background-enabled":"default","ast-page-background-meta":{"desktop":{"background-color":"var(--ast-global-color-4)","background-image":"","background-repeat":"repeat","background-position":"center center","background-size":"auto","background-attachment":"scroll","background-type":"","background-media":"","overlay-type":"","overlay-color":"","overlay-opacity":"","overlay-gradient":""},"tablet":{"background-color":"","background-image":"","background-repeat":"repeat","background-position":"center center","background-size":"auto","background-attachment":"scroll","background-type":"","background-media":"","overlay-type":"","overlay-color":"","overlay-opacity":"","overlay-gradient":""},"mobile":{"background-color":"","background-image":"","background-repeat":"repeat","background-position":"center center","background-size":"auto","background-attachment":"scroll","background-type":"","background-media":"","overlay-type":"","overlay-color":"","overlay-opacity":"","overlay-gradient":""}},"ast-content-background-meta":{"desktop":{"background-color":"var(--ast-global-color-5)","background-image":"","background-repeat":"repeat","background-position":"center center","background-size":"auto","background-attachment":"scroll","background-type":"","background-media":"","overlay-type":"","overlay-color":"","overlay-opacity":"","overlay-gradient":""},"tablet":{"background-color":"var(--ast-global-color-5)","background-image":"","background-repeat":"repeat","background-position":"center center","background-size":"auto","background-attachment":"scroll","background-type":"","background-media":"","overlay-type":"","overlay-color":"","overlay-opacity":"","overlay-gradient":""},"mobile":{"background-color":"var(--ast-global-color-5)","background-image":"","background-repeat":"repeat","background-position":"center center","background-size":"auto","background-attachment":"scroll","background-type":"","background-media":"","overlay-type":"","overlay-color":"","overlay-opacity":"","overlay-gradient":""}},"footnotes":""},"categories":[113,5],"tags":[],"class_list":["post-59128","post","type-post","status-publish","format-standard","has-post-thumbnail","hentry","category-eventi","category-sala-stampa"],"_links":{"self":[{"href":"https:\/\/test.luciomalan.it\/index.php\/wp-json\/wp\/v2\/posts\/59128","targetHints":{"allow":["GET"]}}],"collection":[{"href":"https:\/\/test.luciomalan.it\/index.php\/wp-json\/wp\/v2\/posts"}],"about":[{"href":"https:\/\/test.luciomalan.it\/index.php\/wp-json\/wp\/v2\/types\/post"}],"author":[{"embeddable":true,"href":"https:\/\/test.luciomalan.it\/index.php\/wp-json\/wp\/v2\/users\/1"}],"replies":[{"embeddable":true,"href":"https:\/\/test.luciomalan.it\/index.php\/wp-json\/wp\/v2\/comments?post=59128"}],"version-history":[{"count":0,"href":"https:\/\/test.luciomalan.it\/index.php\/wp-json\/wp\/v2\/posts\/59128\/revisions"}],"wp:featuredmedia":[{"embeddable":true,"href":"https:\/\/test.luciomalan.it\/index.php\/wp-json\/wp\/v2\/media\/59129"}],"wp:attachment":[{"href":"https:\/\/test.luciomalan.it\/index.php\/wp-json\/wp\/v2\/media?parent=59128"}],"wp:term":[{"taxonomy":"category","embeddable":true,"href":"https:\/\/test.luciomalan.it\/index.php\/wp-json\/wp\/v2\/categories?post=59128"},{"taxonomy":"post_tag","embeddable":true,"href":"https:\/\/test.luciomalan.it\/index.php\/wp-json\/wp\/v2\/tags?post=59128"}],"curies":[{"name":"wp","href":"https:\/\/api.w.org\/{rel}","templated":true}]}}